{"id":4322,"date":"2025-08-13T20:45:42","date_gmt":"2025-08-13T20:45:42","guid":{"rendered":"https:\/\/eplvip.com\/index.php\/2025\/08\/13\/barcelona-registers-garcia-after-league-oks-ter-stegen-status\/"},"modified":"2025-08-13T20:45:42","modified_gmt":"2025-08-13T20:45:42","slug":"barcelona-registers-garcia-after-league-oks-ter-stegen-status","status":"publish","type":"post","link":"https:\/\/eplvip.com\/index.php\/2025\/08\/13\/barcelona-registers-garcia-after-league-oks-ter-stegen-status\/","title":{"rendered":"Barcelona registers Garc\u00eda after league Oks Ter Stegen status"},"content":{"rendered":"<p> <br \/>\n<\/p>\n<div>\n<p>MADRID (AP) &#8212; Barcelona can sign up for the new season with newly signed goalkeeper Joan Garcia for the new season after the Spanish league confirmed Mark Andreterstegen&#8217;s long-term injury, the club said Wednesday.<\/p>\n<p>The verdict allows Barcelona to clear pay cap space and register other players more easily without violating the Finance Fair Play Rules.<\/p>\n<p>&#8220;Barcelona has announced that the Laliga Medical Board has determined that goalkeeper Mark Andre Ter Stegen&#8217;s injury meets the long-term injury standards established by current regulations,&#8221; he said. &#8220;The club will proceed tomorrow to officially register player Joan Garc\u00eda.&#8221;<\/p>\n<p>The length of the injury sparked <span class=\"LinkEnhancement\">The controversy between Barcelona and Ter Stegen<\/span>initially refused to sign a medical report that Catalan clubs had to send to the league.<\/p>\n<p>The 33-year-old goalkeeper said it would take about three months to recover from a lower back surgery last month. However, the club wanted to add him to the long-term injury list, saying it would take time.<\/p>\n<p>After Ter Stegen refused to sign the club opened disciplinary proceedings and stripped him of his captain. He resurrected him after he signed the report last week.<\/p>\n<p>After signing the report, Ter Stegen said he had no intention of making it difficult for Barcelona to sign new players, and wanted them to return to action as soon as possible. He said, &#8220;The last few months have been particularly difficult for me, both physically and personally.&#8221;<\/p>\n<p>Ter Stegen missed almost everything from last season due to a knee injury, and in 2023 he missed about two months for another back operation. I\u00f1aki Pe\u00f1a and veteran Wojciech Szcz\u0119sny started in place of last season&#8217;s Ter Stegen.<\/p>\n<p>club <span class=\"LinkEnhancement\">Signed Espanyol goalkeeper<\/span> Garcia in June.<\/p>\n<p>___<\/p>\n<p>AP Soccer: <span class=\"LinkEnhancement\">https:\/\/apnews.com\/hub\/soccer<\/span><\/p>\n<\/p><\/div>\n<p><br \/>\n<br \/><a href=\"https:\/\/apnews.com\/article\/joan-garcia-ter-stegen-barcelona-f95c2f85d8b8c8519c5d1d1238265726\">Source link <\/a><\/p>\n","protected":false},"excerpt":{"rendered":"<p>MADRID (AP) &#8212; Barcelona can sign up for the new season with newly signed goalkeeper Joan Garcia for the new season after the Spanish league confirmed Mark Andreterstegen&#8217;s long-term injury, the club said Wednesday. The verdict allows Barcelona to clear pay cap space and register other players more easily without violating the Finance Fair Play<\/p>\n","protected":false},"author":1,"featured_media":3490,"comment_status":"open","ping_status":"open","sticky":false,"template":"","format":"standard","meta":{"footnotes":""},"categories":[28],"tags":[],"class_list":{"0":"post-4322","1":"post","2":"type-post","3":"status-publish","4":"format-standard","5":"has-post-thumbnail","7":"category-soccer"},"yoast_head":"<!-- This site is optimized with the Yoast SEO plugin v25.5 - https:\/\/yoast.com\/wordpress\/plugins\/seo\/ -->\n<title>Barcelona registers Garc\u00eda after league Oks Ter Stegen status - EPL VIP \u2013 Latest English Premier League News &amp; Updates<\/title>\n<meta name=\"robots\" content=\"index, follow, max-snippet:-1, max-image-preview:large, max-video-preview:-1\" \/>\n<link rel=\"canonical\" href=\"https:\/\/eplvip.com\/index.php\/2025\/08\/13\/barcelona-registers-garcia-after-league-oks-ter-stegen-status\/\" \/>\n<meta property=\"og:locale\" content=\"en_US\" \/>\n<meta property=\"og:type\" content=\"article\" \/>\n<meta property=\"og:title\" content=\"Barcelona registers Garc\u00eda after league Oks Ter Stegen status - EPL VIP \u2013 Latest English Premier League News &amp; Updates\" \/>\n<meta property=\"og:description\" content=\"MADRID (AP) &#8212; Barcelona can sign up for the new season with newly signed goalkeeper Joan Garcia for the new season after the Spanish league confirmed Mark Andreterstegen&#8217;s long-term injury, the club said Wednesday. The verdict allows Barcelona to clear pay cap space and register other players more easily without violating the Finance Fair Play\" \/>\n<meta property=\"og:url\" content=\"https:\/\/eplvip.com\/index.php\/2025\/08\/13\/barcelona-registers-garcia-after-league-oks-ter-stegen-status\/\" \/>\n<meta property=\"og:site_name\" content=\"EPL VIP \u2013 Latest English Premier League News &amp; Updates\" \/>\n<meta property=\"article:published_time\" content=\"2025-08-13T20:45:42+00:00\" \/>\n<meta name=\"author\" content=\"admin_ok9yktt6\" \/>\n<meta name=\"twitter:card\" content=\"summary_large_image\" \/>\n<meta name=\"twitter:label1\" content=\"Written by\" \/>\n\t<meta name=\"twitter:data1\" content=\"admin_ok9yktt6\" \/>\n\t<meta name=\"twitter:label2\" content=\"Est. reading time\" \/>\n\t<meta name=\"twitter:data2\" content=\"1 minute\" \/>\n<script type=\"application\/ld+json\" class=\"yoast-schema-graph\">{\"@context\":\"https:\/\/schema.org\",\"@graph\":[{\"@type\":\"WebPage\",\"@id\":\"https:\/\/eplvip.com\/index.php\/2025\/08\/13\/barcelona-registers-garcia-after-league-oks-ter-stegen-status\/\",\"url\":\"https:\/\/eplvip.com\/index.php\/2025\/08\/13\/barcelona-registers-garcia-after-league-oks-ter-stegen-status\/\",\"name\":\"Barcelona registers Garc\u00eda after league Oks Ter Stegen status - EPL VIP \u2013 Latest English Premier League News &amp; Updates\",\"isPartOf\":{\"@id\":\"https:\/\/eplvip.com\/#website\"},\"primaryImageOfPage\":{\"@id\":\"https:\/\/eplvip.com\/index.php\/2025\/08\/13\/barcelona-registers-garcia-after-league-oks-ter-stegen-status\/#primaryimage\"},\"image\":{\"@id\":\"https:\/\/eplvip.com\/index.php\/2025\/08\/13\/barcelona-registers-garcia-after-league-oks-ter-stegen-status\/#primaryimage\"},\"thumbnailUrl\":\"https:\/\/eplvip.com\/wp-content\/uploads\/2025\/08\/urlhttps3A2F2Fassets.apnews.com2F402F922Fae587be4841e7b4338ebe10663be2F5b542c65343440a897394444cef90ef6.jpeg\",\"datePublished\":\"2025-08-13T20:45:42+00:00\",\"author\":{\"@id\":\"https:\/\/eplvip.com\/#\/schema\/person\/6b2ade58a96ab056f743f12490573ae9\"},\"breadcrumb\":{\"@id\":\"https:\/\/eplvip.com\/index.php\/2025\/08\/13\/barcelona-registers-garcia-after-league-oks-ter-stegen-status\/#breadcrumb\"},\"inLanguage\":\"en-US\",\"potentialAction\":[{\"@type\":\"ReadAction\",\"target\":[\"https:\/\/eplvip.com\/index.php\/2025\/08\/13\/barcelona-registers-garcia-after-league-oks-ter-stegen-status\/\"]}]},{\"@type\":\"ImageObject\",\"inLanguage\":\"en-US\",\"@id\":\"https:\/\/eplvip.com\/index.php\/2025\/08\/13\/barcelona-registers-garcia-after-league-oks-ter-stegen-status\/#primaryimage\",\"url\":\"https:\/\/eplvip.com\/wp-content\/uploads\/2025\/08\/urlhttps3A2F2Fassets.apnews.com2F402F922Fae587be4841e7b4338ebe10663be2F5b542c65343440a897394444cef90ef6.jpeg\",\"contentUrl\":\"https:\/\/eplvip.com\/wp-content\/uploads\/2025\/08\/urlhttps3A2F2Fassets.apnews.com2F402F922Fae587be4841e7b4338ebe10663be2F5b542c65343440a897394444cef90ef6.jpeg\",\"width\":1440,\"height\":810},{\"@type\":\"BreadcrumbList\",\"@id\":\"https:\/\/eplvip.com\/index.php\/2025\/08\/13\/barcelona-registers-garcia-after-league-oks-ter-stegen-status\/#breadcrumb\",\"itemListElement\":[{\"@type\":\"ListItem\",\"position\":1,\"name\":\"Home\",\"item\":\"https:\/\/eplvip.com\/\"},{\"@type\":\"ListItem\",\"position\":2,\"name\":\"Barcelona registers Garc\u00eda after league Oks Ter Stegen status\"}]},{\"@type\":\"WebSite\",\"@id\":\"https:\/\/eplvip.com\/#website\",\"url\":\"https:\/\/eplvip.com\/\",\"name\":\"EPL VIP \u2013 Latest English Premier League News &amp; Updates\",\"description\":\"EPL VIP is your ultimate source for all things related to the English Premier League. Get the latest EPL news, live match updates, transfer rumors, team analysis, fixtures, and exclusive insights for true football fans.\",\"potentialAction\":[{\"@type\":\"SearchAction\",\"target\":{\"@type\":\"EntryPoint\",\"urlTemplate\":\"https:\/\/eplvip.com\/?s={search_term_string}\"},\"query-input\":{\"@type\":\"PropertyValueSpecification\",\"valueRequired\":true,\"valueName\":\"search_term_string\"}}],\"inLanguage\":\"en-US\"},{\"@type\":\"Person\",\"@id\":\"https:\/\/eplvip.com\/#\/schema\/person\/6b2ade58a96ab056f743f12490573ae9\",\"name\":\"admin_ok9yktt6\",\"image\":{\"@type\":\"ImageObject\",\"inLanguage\":\"en-US\",\"@id\":\"https:\/\/eplvip.com\/#\/schema\/person\/image\/\",\"url\":\"https:\/\/secure.gravatar.com\/avatar\/3caa6e0fae133a2d8ebe213abde6eafe85769664d063c8ab6c7960c877d904ea?s=96&d=mm&r=g\",\"contentUrl\":\"https:\/\/secure.gravatar.com\/avatar\/3caa6e0fae133a2d8ebe213abde6eafe85769664d063c8ab6c7960c877d904ea?s=96&d=mm&r=g\",\"caption\":\"admin_ok9yktt6\"},\"sameAs\":[\"https:\/\/eplvip.com\"],\"url\":\"https:\/\/eplvip.com\/index.php\/author\/admin_ok9yktt6\/\"}]}<\/script>\n<!-- \/ Yoast SEO plugin. -->","yoast_head_json":{"title":"Barcelona registers Garc\u00eda after league Oks Ter Stegen status - EPL VIP \u2013 Latest English Premier League News &amp; Updates","robots":{"index":"index","follow":"follow","max-snippet":"max-snippet:-1","max-image-preview":"max-image-preview:large","max-video-preview":"max-video-preview:-1"},"canonical":"https:\/\/eplvip.com\/index.php\/2025\/08\/13\/barcelona-registers-garcia-after-league-oks-ter-stegen-status\/","og_locale":"en_US","og_type":"article","og_title":"Barcelona registers Garc\u00eda after league Oks Ter Stegen status - EPL VIP \u2013 Latest English Premier League News &amp; Updates","og_description":"MADRID (AP) &#8212; Barcelona can sign up for the new season with newly signed goalkeeper Joan Garcia for the new season after the Spanish league confirmed Mark Andreterstegen&#8217;s long-term injury, the club said Wednesday. The verdict allows Barcelona to clear pay cap space and register other players more easily without violating the Finance Fair Play","og_url":"https:\/\/eplvip.com\/index.php\/2025\/08\/13\/barcelona-registers-garcia-after-league-oks-ter-stegen-status\/","og_site_name":"EPL VIP \u2013 Latest English Premier League News &amp; Updates","article_published_time":"2025-08-13T20:45:42+00:00","author":"admin_ok9yktt6","twitter_card":"summary_large_image","twitter_misc":{"Written by":"admin_ok9yktt6","Est. reading time":"1 minute"},"schema":{"@context":"https:\/\/schema.org","@graph":[{"@type":"WebPage","@id":"https:\/\/eplvip.com\/index.php\/2025\/08\/13\/barcelona-registers-garcia-after-league-oks-ter-stegen-status\/","url":"https:\/\/eplvip.com\/index.php\/2025\/08\/13\/barcelona-registers-garcia-after-league-oks-ter-stegen-status\/","name":"Barcelona registers Garc\u00eda after league Oks Ter Stegen status - EPL VIP \u2013 Latest English Premier League News &amp; Updates","isPartOf":{"@id":"https:\/\/eplvip.com\/#website"},"primaryImageOfPage":{"@id":"https:\/\/eplvip.com\/index.php\/2025\/08\/13\/barcelona-registers-garcia-after-league-oks-ter-stegen-status\/#primaryimage"},"image":{"@id":"https:\/\/eplvip.com\/index.php\/2025\/08\/13\/barcelona-registers-garcia-after-league-oks-ter-stegen-status\/#primaryimage"},"thumbnailUrl":"https:\/\/eplvip.com\/wp-content\/uploads\/2025\/08\/urlhttps3A2F2Fassets.apnews.com2F402F922Fae587be4841e7b4338ebe10663be2F5b542c65343440a897394444cef90ef6.jpeg","datePublished":"2025-08-13T20:45:42+00:00","author":{"@id":"https:\/\/eplvip.com\/#\/schema\/person\/6b2ade58a96ab056f743f12490573ae9"},"breadcrumb":{"@id":"https:\/\/eplvip.com\/index.php\/2025\/08\/13\/barcelona-registers-garcia-after-league-oks-ter-stegen-status\/#breadcrumb"},"inLanguage":"en-US","potentialAction":[{"@type":"ReadAction","target":["https:\/\/eplvip.com\/index.php\/2025\/08\/13\/barcelona-registers-garcia-after-league-oks-ter-stegen-status\/"]}]},{"@type":"ImageObject","inLanguage":"en-US","@id":"https:\/\/eplvip.com\/index.php\/2025\/08\/13\/barcelona-registers-garcia-after-league-oks-ter-stegen-status\/#primaryimage","url":"https:\/\/eplvip.com\/wp-content\/uploads\/2025\/08\/urlhttps3A2F2Fassets.apnews.com2F402F922Fae587be4841e7b4338ebe10663be2F5b542c65343440a897394444cef90ef6.jpeg","contentUrl":"https:\/\/eplvip.com\/wp-content\/uploads\/2025\/08\/urlhttps3A2F2Fassets.apnews.com2F402F922Fae587be4841e7b4338ebe10663be2F5b542c65343440a897394444cef90ef6.jpeg","width":1440,"height":810},{"@type":"BreadcrumbList","@id":"https:\/\/eplvip.com\/index.php\/2025\/08\/13\/barcelona-registers-garcia-after-league-oks-ter-stegen-status\/#breadcrumb","itemListElement":[{"@type":"ListItem","position":1,"name":"Home","item":"https:\/\/eplvip.com\/"},{"@type":"ListItem","position":2,"name":"Barcelona registers Garc\u00eda after league Oks Ter Stegen status"}]},{"@type":"WebSite","@id":"https:\/\/eplvip.com\/#website","url":"https:\/\/eplvip.com\/","name":"EPL VIP \u2013 Latest English Premier League News &amp; Updates","description":"EPL VIP is your ultimate source for all things related to the English Premier League. Get the latest EPL news, live match updates, transfer rumors, team analysis, fixtures, and exclusive insights for true football fans.","potentialAction":[{"@type":"SearchAction","target":{"@type":"EntryPoint","urlTemplate":"https:\/\/eplvip.com\/?s={search_term_string}"},"query-input":{"@type":"PropertyValueSpecification","valueRequired":true,"valueName":"search_term_string"}}],"inLanguage":"en-US"},{"@type":"Person","@id":"https:\/\/eplvip.com\/#\/schema\/person\/6b2ade58a96ab056f743f12490573ae9","name":"admin_ok9yktt6","image":{"@type":"ImageObject","inLanguage":"en-US","@id":"https:\/\/eplvip.com\/#\/schema\/person\/image\/","url":"https:\/\/secure.gravatar.com\/avatar\/3caa6e0fae133a2d8ebe213abde6eafe85769664d063c8ab6c7960c877d904ea?s=96&d=mm&r=g","contentUrl":"https:\/\/secure.gravatar.com\/avatar\/3caa6e0fae133a2d8ebe213abde6eafe85769664d063c8ab6c7960c877d904ea?s=96&d=mm&r=g","caption":"admin_ok9yktt6"},"sameAs":["https:\/\/eplvip.com"],"url":"https:\/\/eplvip.com\/index.php\/author\/admin_ok9yktt6\/"}]}},"_links":{"self":[{"href":"https:\/\/eplvip.com\/index.php\/wp-json\/wp\/v2\/posts\/4322","targetHints":{"allow":["GET"]}}],"collection":[{"href":"https:\/\/eplvip.com\/index.php\/wp-json\/wp\/v2\/posts"}],"about":[{"href":"https:\/\/eplvip.com\/index.php\/wp-json\/wp\/v2\/types\/post"}],"author":[{"embeddable":true,"href":"https:\/\/eplvip.com\/index.php\/wp-json\/wp\/v2\/users\/1"}],"replies":[{"embeddable":true,"href":"https:\/\/eplvip.com\/index.php\/wp-json\/wp\/v2\/comments?post=4322"}],"version-history":[{"count":0,"href":"https:\/\/eplvip.com\/index.php\/wp-json\/wp\/v2\/posts\/4322\/revisions"}],"wp:featuredmedia":[{"embeddable":true,"href":"https:\/\/eplvip.com\/index.php\/wp-json\/wp\/v2\/media\/3490"}],"wp:attachment":[{"href":"https:\/\/eplvip.com\/index.php\/wp-json\/wp\/v2\/media?parent=4322"}],"wp:term":[{"taxonomy":"category","embeddable":true,"href":"https:\/\/eplvip.com\/index.php\/wp-json\/wp\/v2\/categories?post=4322"},{"taxonomy":"post_tag","embeddable":true,"href":"https:\/\/eplvip.com\/index.php\/wp-json\/wp\/v2\/tags?post=4322"}],"curies":[{"name":"wp","href":"https:\/\/api.w.org\/{rel}","templated":true}]}}